{"id":807,"date":"2016-04-05T17:10:14","date_gmt":"2016-04-05T15:10:14","guid":{"rendered":"http:\/\/cepajmiribarren.educacion.navarra.es\/web\/?p=807"},"modified":"2016-12-12T12:11:55","modified_gmt":"2016-12-12T11:11:55","slug":"la-interculturalidad","status":"publish","type":"post","link":"https:\/\/cepajmiribarren.educacion.navarra.es\/web\/blog\/2016\/04\/05\/la-interculturalidad\/","title":{"rendered":"La interculturalidad"},"content":{"rendered":"<p>En la segunda semana del pr\u00f3ximo mes de Mayo vamos a\u00a0realizar una exhibici\u00f3n-desfile de los diferentes trajes t\u00edpicos de todos los pa\u00edses y\/o regiones con representaci\u00f3n en nuestro Centro.<\/p>\n","protected":false},"excerpt":{"rendered":"<p>En  Mayo realizaremos una exhibici\u00f3n &#8211; desfile de los diferentes trajes t\u00edpicos de todos las regiones y pa\u00edses con representaci\u00f3n en nuestro Centro.<\/p>\n<p class=\"continue-reading-button\"> <a class=\"continue-reading-link\" href=\"https:\/\/cepajmiribarren.educacion.navarra.es\/web\/blog\/2016\/04\/05\/la-interculturalidad\/\">Leer m\u00e1s..<i class=\"crycon-right-dir\"><\/i><\/a><\/p>\n","protected":false},"author":1,"featured_media":1059,"comment_status":"open","ping_status":"open","sticky":false,"template":"","format":"standard","meta":[],"categories":[5],"tags":[],"_links":{"self":[{"href":"https:\/\/cepajmiribarren.educacion.navarra.es\/web\/wp-json\/wp\/v2\/posts\/807"}],"collection":[{"href":"https:\/\/cepajmiribarren.educacion.navarra.es\/web\/wp-json\/wp\/v2\/posts"}],"about":[{"href":"https:\/\/cepajmiribarren.educacion.navarra.es\/web\/wp-json\/wp\/v2\/types\/post"}],"author":[{"embeddable":true,"href":"https:\/\/cepajmiribarren.educacion.navarra.es\/web\/wp-json\/wp\/v2\/users\/1"}],"replies":[{"embeddable":true,"href":"https:\/\/cepajmiribarren.educacion.navarra.es\/web\/wp-json\/wp\/v2\/comments?post=807"}],"version-history":[{"count":9,"href":"https:\/\/cepajmiribarren.educacion.navarra.es\/web\/wp-json\/wp\/v2\/posts\/807\/revisions"}],"predecessor-version":[{"id":1117,"href":"https:\/\/cepajmiribarren.educacion.navarra.es\/web\/wp-json\/wp\/v2\/posts\/807\/revisions\/1117"}],"wp:featuredmedia":[{"embeddable":true,"href":"https:\/\/cepajmiribarren.educacion.navarra.es\/web\/wp-json\/wp\/v2\/media\/1059"}],"wp:attachment":[{"href":"https:\/\/cepajmiribarren.educacion.navarra.es\/web\/wp-json\/wp\/v2\/media?parent=807"}],"wp:term":[{"taxonomy":"category","embeddable":true,"href":"https:\/\/cepajmiribarren.educacion.navarra.es\/web\/wp-json\/wp\/v2\/categories?post=807"},{"taxonomy":"post_tag","embeddable":true,"href":"https:\/\/cepajmiribarren.educacion.navarra.es\/web\/wp-json\/wp\/v2\/tags?post=807"}],"curies":[{"name":"wp","href":"https:\/\/api.w.org\/{rel}","templated":true}]}}