{"id":3510,"date":"2022-04-08T09:49:14","date_gmt":"2022-04-08T07:49:14","guid":{"rendered":"https:\/\/cepajmiribarren.educacion.navarra.es\/web\/?p=3510"},"modified":"2022-04-08T10:01:34","modified_gmt":"2022-04-08T08:01:34","slug":"cambiamos-de-marcha","status":"publish","type":"post","link":"https:\/\/cepajmiribarren.educacion.navarra.es\/web\/blog\/2022\/04\/08\/cambiamos-de-marcha\/","title":{"rendered":"\u00a1Cambiamos de marcha!"},"content":{"rendered":"\n<p>El CPEBPA Jos\u00e9 Mar\u00eda Iribarren, junto con CREENA y APANA, presentaron en Educaci\u00f3n el proyecto \u00abCambiamos de Marcha\u00bb .La iniciativa est\u00e1 ayudando a personas con diversidad funcional intelectual y del desarrollo a obtener el carn\u00e9 de conducir. Puedes consultar la <strong>rueda de prensa<\/strong> <a href=\"https:\/\/www.educacion.navarra.es\/web\/dpto\/-\/creena-el-centro-jose-maria-iribarren-y-la-asociacion-provincial-de-autoescuelas-de-navarra-presentan-el-proyecto-cambiemos-de-marcha-\" target=\"_blank\" rel=\"noopener\"><span style=\"text-decoration: underline;\"><strong><span style=\"color: #0000ff; text-decoration: underline;\">AQU\u00cd<\/span><\/strong><\/span><\/a>.<\/p>\n<p>Tambi\u00e9n puedes consultar el art\u00edculo publicado en <strong>Diario de Noticias<\/strong> en el siguiente <span style=\"text-decoration: underline;\"><strong><span style=\"color: #0000ff; text-decoration: underline;\"><a style=\"color: #0000ff; text-decoration: underline;\" href=\"https:\/\/www.noticiasdenavarra.com\/actualidad\/sociedad\/2022\/04\/08\/agarrando-volante-inclusion\/1247887.html\" target=\"_blank\" rel=\"noopener\">ENLACE<\/a><\/span><\/strong><\/span>.<\/p>\n<p><a href=\"https:\/\/cepajmiribarren.educacion.navarra.es\/web\/wp-content\/uploads\/2022\/04\/article.jpg\"><img loading=\"lazy\" class=\"size-medium wp-image-3512 aligncenter\" src=\"https:\/\/cepajmiribarren.educacion.navarra.es\/web\/wp-content\/uploads\/2022\/04\/article-300x146.jpg\" alt=\"\" width=\"300\" height=\"146\" srcset=\"https:\/\/cepajmiribarren.educacion.navarra.es\/web\/wp-content\/uploads\/2022\/04\/article-300x146.jpg 300w, https:\/\/cepajmiribarren.educacion.navarra.es\/web\/wp-content\/uploads\/2022\/04\/article-1024x498.jpg 1024w, https:\/\/cepajmiribarren.educacion.navarra.es\/web\/wp-content\/uploads\/2022\/04\/article-768x373.jpg 768w, https:\/\/cepajmiribarren.educacion.navarra.es\/web\/wp-content\/uploads\/2022\/04\/article-1536x747.jpg 1536w, https:\/\/cepajmiribarren.educacion.navarra.es\/web\/wp-content\/uploads\/2022\/04\/article-150x73.jpg 150w, https:\/\/cepajmiribarren.educacion.navarra.es\/web\/wp-content\/uploads\/2022\/04\/article.jpg 2016w\" sizes=\"(max-width: 300px) 100vw, 300px\" \/><\/a><\/p>\n","protected":false},"excerpt":{"rendered":"<p>El CPEBPA Jos\u00e9 Mar\u00eda Iribarren, junto con CREENA y APANA, presentaron en Educaci\u00f3n el proyecto \u00abCambiamos de Marcha\u00bb .La iniciativa est\u00e1 ayudando a personas con diversidad funcional intelectual y del desarrollo a obtener el carn\u00e9 de conducir. Puedes consultar la rueda de prensa AQU\u00cd. Tambi\u00e9n puedes consultar el art\u00edculo publicado\u2026<\/p>\n<p class=\"continue-reading-button\"> <a class=\"continue-reading-link\" href=\"https:\/\/cepajmiribarren.educacion.navarra.es\/web\/blog\/2022\/04\/08\/cambiamos-de-marcha\/\">Leer m\u00e1s..<i class=\"crycon-right-dir\"><\/i><\/a><\/p>\n","protected":false},"author":1,"featured_media":0,"comment_status":"closed","ping_status":"closed","sticky":false,"template":"","format":"standard","meta":[],"categories":[1],"tags":[],"_links":{"self":[{"href":"https:\/\/cepajmiribarren.educacion.navarra.es\/web\/wp-json\/wp\/v2\/posts\/3510"}],"collection":[{"href":"https:\/\/cepajmiribarren.educacion.navarra.es\/web\/wp-json\/wp\/v2\/posts"}],"about":[{"href":"https:\/\/cepajmiribarren.educacion.navarra.es\/web\/wp-json\/wp\/v2\/types\/post"}],"author":[{"embeddable":true,"href":"https:\/\/cepajmiribarren.educacion.navarra.es\/web\/wp-json\/wp\/v2\/users\/1"}],"replies":[{"embeddable":true,"href":"https:\/\/cepajmiribarren.educacion.navarra.es\/web\/wp-json\/wp\/v2\/comments?post=3510"}],"version-history":[{"count":3,"href":"https:\/\/cepajmiribarren.educacion.navarra.es\/web\/wp-json\/wp\/v2\/posts\/3510\/revisions"}],"predecessor-version":[{"id":3516,"href":"https:\/\/cepajmiribarren.educacion.navarra.es\/web\/wp-json\/wp\/v2\/posts\/3510\/revisions\/3516"}],"wp:attachment":[{"href":"https:\/\/cepajmiribarren.educacion.navarra.es\/web\/wp-json\/wp\/v2\/media?parent=3510"}],"wp:term":[{"taxonomy":"category","embeddable":true,"href":"https:\/\/cepajmiribarren.educacion.navarra.es\/web\/wp-json\/wp\/v2\/categories?post=3510"},{"taxonomy":"post_tag","embeddable":true,"href":"https:\/\/cepajmiribarren.educacion.navarra.es\/web\/wp-json\/wp\/v2\/tags?post=3510"}],"curies":[{"name":"wp","href":"https:\/\/api.w.org\/{rel}","templated":true}]}}