{"id":1803,"date":"2020-12-01T13:08:04","date_gmt":"2020-12-01T12:08:04","guid":{"rendered":"http:\/\/cepajmiribarren.educacion.navarra.es\/web\/?p=1803"},"modified":"2020-12-01T13:15:23","modified_gmt":"2020-12-01T12:15:23","slug":"nuevos-componentes-del-consejo-escolar","status":"publish","type":"post","link":"https:\/\/cepajmiribarren.educacion.navarra.es\/web\/blog\/2020\/12\/01\/nuevos-componentes-del-consejo-escolar\/","title":{"rendered":"Nuevos componentes del Consejo Escolar"},"content":{"rendered":"\n<p><a href=\"https:\/\/cepajmiribarren.educacion.navarra.es\/web\/wp-content\/uploads\/2020\/11\/ConsejoEscolar-1.jpg\"><img loading=\"lazy\" class=\"alignleft size-full wp-image-2293\" src=\"https:\/\/cepajmiribarren.educacion.navarra.es\/web\/wp-content\/uploads\/2020\/11\/ConsejoEscolar-1.jpg\" alt=\"\" width=\"1000\" height=\"568\" srcset=\"https:\/\/cepajmiribarren.educacion.navarra.es\/web\/wp-content\/uploads\/2020\/11\/ConsejoEscolar-1.jpg 1000w, https:\/\/cepajmiribarren.educacion.navarra.es\/web\/wp-content\/uploads\/2020\/11\/ConsejoEscolar-1-300x170.jpg 300w, https:\/\/cepajmiribarren.educacion.navarra.es\/web\/wp-content\/uploads\/2020\/11\/ConsejoEscolar-1-768x436.jpg 768w, https:\/\/cepajmiribarren.educacion.navarra.es\/web\/wp-content\/uploads\/2020\/11\/ConsejoEscolar-1-150x85.jpg 150w\" sizes=\"(max-width: 1000px) 100vw, 1000px\" \/><\/a><\/p>\n<p style=\"text-align: justify;\"><span style=\"font-weight: 400;\">Hola a tod@s. Debido a que vari@s componentes del Consejo Escolar, tanto del profesorado como del alumnado, ya no est\u00e1n en el centro por distintas causas, 3 nuevas personas van a pasar a formar parte de nuestro Consejo Escolar.\u00a0<\/span><\/p>\n<p style=\"text-align: justify;\"><span style=\"font-weight: 400;\">Esto es debido a que 1 alumna que pertenec\u00eda al mismo ya no est\u00e1 inscrita en nuestro Centro, y por otra parte, porque 2 de nuestras docentes han dejado el Centro porque se han jubilado.\u00a0<\/span><\/p>\n<p style=\"text-align: justify;\"><span style=\"font-weight: 400;\">As\u00ed que tras presentarse 1 candidata por parte del alumnado y 2 profesoras por parte del profesorado, estas tres personas han sido designadas como representantes del Consejo Escolar, ya que al coincidir el n\u00famero de candidaturas con el n\u00famero de vacantes, ha sido innecesario hacer un proceso electoral para su elecci\u00f3n.<\/span><\/p>\n<p style=\"text-align: justify;\"><span style=\"font-weight: 400;\">Dicho esto, felicitamos a las nuevas componentes y os dejamos el enlace con la resoluci\u00f3n tomada por la Junta electoral designada para llevar adelante el proceso.<\/span><\/p>\n<p style=\"text-align: center;\"><span style=\"text-decoration: underline; color: #0000ff;\"><a style=\"color: #0000ff; text-decoration: underline;\" href=\"https:\/\/drive.google.com\/file\/d\/1KRZZGsN6vdNjXn2R-USa6pxzUnRWIgJ5\/view?usp=sharing\" target=\"_blank\" rel=\"noopener noreferrer\">Acta_profesorado_alumnado_ Junta Electoral 2020<\/a><\/span><\/p>\n","protected":false},"excerpt":{"rendered":"<p>Hola a tod@s. Debido a que vari@s componentes del Consejo Escolar, tanto del profesorado como del alumnado, ya no est\u00e1n en el centro por distintas causas, 3 nuevas personas van a pasar a formar parte de nuestro Consejo Escolar.\u00a0 Esto es debido a que 1 alumna que pertenec\u00eda al mismo\u2026<\/p>\n<p class=\"continue-reading-button\"> <a class=\"continue-reading-link\" href=\"https:\/\/cepajmiribarren.educacion.navarra.es\/web\/blog\/2020\/12\/01\/nuevos-componentes-del-consejo-escolar\/\">Leer m\u00e1s..<i class=\"crycon-right-dir\"><\/i><\/a><\/p>\n","protected":false},"author":1,"featured_media":0,"comment_status":"closed","ping_status":"open","sticky":false,"template":"","format":"standard","meta":[],"categories":[1],"tags":[],"_links":{"self":[{"href":"https:\/\/cepajmiribarren.educacion.navarra.es\/web\/wp-json\/wp\/v2\/posts\/1803"}],"collection":[{"href":"https:\/\/cepajmiribarren.educacion.navarra.es\/web\/wp-json\/wp\/v2\/posts"}],"about":[{"href":"https:\/\/cepajmiribarren.educacion.navarra.es\/web\/wp-json\/wp\/v2\/types\/post"}],"author":[{"embeddable":true,"href":"https:\/\/cepajmiribarren.educacion.navarra.es\/web\/wp-json\/wp\/v2\/users\/1"}],"replies":[{"embeddable":true,"href":"https:\/\/cepajmiribarren.educacion.navarra.es\/web\/wp-json\/wp\/v2\/comments?post=1803"}],"version-history":[{"count":10,"href":"https:\/\/cepajmiribarren.educacion.navarra.es\/web\/wp-json\/wp\/v2\/posts\/1803\/revisions"}],"predecessor-version":[{"id":2329,"href":"https:\/\/cepajmiribarren.educacion.navarra.es\/web\/wp-json\/wp\/v2\/posts\/1803\/revisions\/2329"}],"wp:attachment":[{"href":"https:\/\/cepajmiribarren.educacion.navarra.es\/web\/wp-json\/wp\/v2\/media?parent=1803"}],"wp:term":[{"taxonomy":"category","embeddable":true,"href":"https:\/\/cepajmiribarren.educacion.navarra.es\/web\/wp-json\/wp\/v2\/categories?post=1803"},{"taxonomy":"post_tag","embeddable":true,"href":"https:\/\/cepajmiribarren.educacion.navarra.es\/web\/wp-json\/wp\/v2\/tags?post=1803"}],"curies":[{"name":"wp","href":"https:\/\/api.w.org\/{rel}","templated":true}]}}