{"id":1693,"date":"2019-05-13T13:14:24","date_gmt":"2019-05-13T11:14:24","guid":{"rendered":"http:\/\/cepajmiribarren.educacion.navarra.es\/web\/?p=1693"},"modified":"2019-05-14T09:46:09","modified_gmt":"2019-05-14T07:46:09","slug":"excursion-visita-cultural-2","status":"publish","type":"post","link":"https:\/\/cepajmiribarren.educacion.navarra.es\/web\/blog\/2019\/05\/13\/excursion-visita-cultural-2\/","title":{"rendered":"Excursi\u00f3n\/Visita cultural"},"content":{"rendered":"\n<p><img loading=\"lazy\" src=\"http:\/\/cepajmiribarren.educacion.navarra.es\/web\/wp-content\/uploads\/2019\/05\/Sin-t\u00edtulo.png\" alt=\"http:\/\/cepajmiribarren.educacion.navarra.es\/web\/wp-content\/uploads\/2019\/05\/Sin-t\u00edtulo.png\" width=\"787\" height=\"953\" \/><\/p>\n<p>Hola a tod@s. Con el curso a punto de finalizar hemos organizado una excursi\u00f3n\/visita cultural a Huesca el pr\u00f3ximo 29 de mayo. Por la ma\u00f1ana visitaremos el pueblo y las impresionantes formaciones geol\u00f3gicas de los Mallos de Riglos. Despu\u00e9s nos dirigiremos a la Colegiata de Bolea, donde podremos admirar su bello retablo. Comeremos en un restaurante en la localidad de Ayerbe, y por la tarde visitaremos el castillo de Loarre, considerada la fortaleza rom\u00e1nica mejor conservada de Europa.\u00a0 Una vez terminada la visita, regresaremos a Pamplona.<\/p>\n<p>En el cartel de la excursi\u00f3n que adjuntamos pod\u00e9is encontrar las normas para inscribirse a la excursi\u00f3n. Animaos a acudir.<\/p>\n","protected":false},"excerpt":{"rendered":"<p>Hola a tod@s. Con el curso a punto de finalizar hemos organizado una excursi\u00f3n\/visita cultural a Huesca el pr\u00f3ximo 29 de mayo. Por la ma\u00f1ana visitaremos el pueblo y las impresionantes formaciones geol\u00f3gicas de los Mallos de Riglos. Despu\u00e9s nos dirigiremos a la Colegiata de Bolea, donde podremos admirar su\u2026<\/p>\n<p class=\"continue-reading-button\"> <a class=\"continue-reading-link\" href=\"https:\/\/cepajmiribarren.educacion.navarra.es\/web\/blog\/2019\/05\/13\/excursion-visita-cultural-2\/\">Leer m\u00e1s..<i class=\"crycon-right-dir\"><\/i><\/a><\/p>\n","protected":false},"author":1,"featured_media":0,"comment_status":"open","ping_status":"open","sticky":false,"template":"","format":"standard","meta":[],"categories":[1],"tags":[],"_links":{"self":[{"href":"https:\/\/cepajmiribarren.educacion.navarra.es\/web\/wp-json\/wp\/v2\/posts\/1693"}],"collection":[{"href":"https:\/\/cepajmiribarren.educacion.navarra.es\/web\/wp-json\/wp\/v2\/posts"}],"about":[{"href":"https:\/\/cepajmiribarren.educacion.navarra.es\/web\/wp-json\/wp\/v2\/types\/post"}],"author":[{"embeddable":true,"href":"https:\/\/cepajmiribarren.educacion.navarra.es\/web\/wp-json\/wp\/v2\/users\/1"}],"replies":[{"embeddable":true,"href":"https:\/\/cepajmiribarren.educacion.navarra.es\/web\/wp-json\/wp\/v2\/comments?post=1693"}],"version-history":[{"count":6,"href":"https:\/\/cepajmiribarren.educacion.navarra.es\/web\/wp-json\/wp\/v2\/posts\/1693\/revisions"}],"predecessor-version":[{"id":1708,"href":"https:\/\/cepajmiribarren.educacion.navarra.es\/web\/wp-json\/wp\/v2\/posts\/1693\/revisions\/1708"}],"wp:attachment":[{"href":"https:\/\/cepajmiribarren.educacion.navarra.es\/web\/wp-json\/wp\/v2\/media?parent=1693"}],"wp:term":[{"taxonomy":"category","embeddable":true,"href":"https:\/\/cepajmiribarren.educacion.navarra.es\/web\/wp-json\/wp\/v2\/categories?post=1693"},{"taxonomy":"post_tag","embeddable":true,"href":"https:\/\/cepajmiribarren.educacion.navarra.es\/web\/wp-json\/wp\/v2\/tags?post=1693"}],"curies":[{"name":"wp","href":"https:\/\/api.w.org\/{rel}","templated":true}]}}