{"id":1652,"date":"2019-03-12T09:45:10","date_gmt":"2019-03-12T08:45:10","guid":{"rendered":"http:\/\/cepajmiribarren.educacion.navarra.es\/web\/?p=1652"},"modified":"2019-03-12T09:45:10","modified_gmt":"2019-03-12T08:45:10","slug":"encuentro-con-escritora","status":"publish","type":"post","link":"https:\/\/cepajmiribarren.educacion.navarra.es\/web\/blog\/2019\/03\/12\/encuentro-con-escritora\/","title":{"rendered":"Encuentro con escritora"},"content":{"rendered":"\n<figure class=\"wp-block-image is-resized\"><img loading=\"lazy\" src=\"http:\/\/cepajmiribarren.educacion.navarra.es\/web\/wp-content\/uploads\/2019\/03\/charo.jpg\" alt=\"\" class=\"wp-image-1653\" width=\"641\" height=\"409\" srcset=\"https:\/\/cepajmiribarren.educacion.navarra.es\/web\/wp-content\/uploads\/2019\/03\/charo.jpg 979w, https:\/\/cepajmiribarren.educacion.navarra.es\/web\/wp-content\/uploads\/2019\/03\/charo-300x192.jpg 300w, https:\/\/cepajmiribarren.educacion.navarra.es\/web\/wp-content\/uploads\/2019\/03\/charo-768x490.jpg 768w, https:\/\/cepajmiribarren.educacion.navarra.es\/web\/wp-content\/uploads\/2019\/03\/charo-150x96.jpg 150w\" sizes=\"(max-width: 641px) 100vw, 641px\" \/><\/figure>\n\n\n\n<p>Saludos a tod@s. Esta tarde, a las 17:00 horas, podremos disfrutar de la visita de la escritora Charo Pita, una de las m\u00e1s conocidas y vers\u00e1tiles literatas espa\u00f1olas de nuestros tiempos. Animaos a acudir y disfrutad de su charla.<br \/><\/p>\n","protected":false},"excerpt":{"rendered":"<p>Saludos a tod@s. Esta tarde, a las 17:00 horas, podremos disfrutar de la visita de la escritora Charo Pita, una de las m\u00e1s conocidas y vers\u00e1tiles literatas espa\u00f1olas de nuestros tiempos. Animaos a acudir y disfrutad de su charla.<\/p>\n<p class=\"continue-reading-button\"> <a class=\"continue-reading-link\" href=\"https:\/\/cepajmiribarren.educacion.navarra.es\/web\/blog\/2019\/03\/12\/encuentro-con-escritora\/\">Leer m\u00e1s..<i class=\"crycon-right-dir\"><\/i><\/a><\/p>\n","protected":false},"author":1,"featured_media":0,"comment_status":"open","ping_status":"open","sticky":false,"template":"","format":"standard","meta":[],"categories":[1],"tags":[],"_links":{"self":[{"href":"https:\/\/cepajmiribarren.educacion.navarra.es\/web\/wp-json\/wp\/v2\/posts\/1652"}],"collection":[{"href":"https:\/\/cepajmiribarren.educacion.navarra.es\/web\/wp-json\/wp\/v2\/posts"}],"about":[{"href":"https:\/\/cepajmiribarren.educacion.navarra.es\/web\/wp-json\/wp\/v2\/types\/post"}],"author":[{"embeddable":true,"href":"https:\/\/cepajmiribarren.educacion.navarra.es\/web\/wp-json\/wp\/v2\/users\/1"}],"replies":[{"embeddable":true,"href":"https:\/\/cepajmiribarren.educacion.navarra.es\/web\/wp-json\/wp\/v2\/comments?post=1652"}],"version-history":[{"count":1,"href":"https:\/\/cepajmiribarren.educacion.navarra.es\/web\/wp-json\/wp\/v2\/posts\/1652\/revisions"}],"predecessor-version":[{"id":1654,"href":"https:\/\/cepajmiribarren.educacion.navarra.es\/web\/wp-json\/wp\/v2\/posts\/1652\/revisions\/1654"}],"wp:attachment":[{"href":"https:\/\/cepajmiribarren.educacion.navarra.es\/web\/wp-json\/wp\/v2\/media?parent=1652"}],"wp:term":[{"taxonomy":"category","embeddable":true,"href":"https:\/\/cepajmiribarren.educacion.navarra.es\/web\/wp-json\/wp\/v2\/categories?post=1652"},{"taxonomy":"post_tag","embeddable":true,"href":"https:\/\/cepajmiribarren.educacion.navarra.es\/web\/wp-json\/wp\/v2\/tags?post=1652"}],"curies":[{"name":"wp","href":"https:\/\/api.w.org\/{rel}","templated":true}]}}