{"id":1631,"date":"2019-01-11T11:26:54","date_gmt":"2019-01-11T10:26:54","guid":{"rendered":"http:\/\/cepajmiribarren.educacion.navarra.es\/web\/?p=1631"},"modified":"2019-01-11T11:26:54","modified_gmt":"2019-01-11T10:26:54","slug":"excursion-visita-cultural","status":"publish","type":"post","link":"https:\/\/cepajmiribarren.educacion.navarra.es\/web\/blog\/2019\/01\/11\/excursion-visita-cultural\/","title":{"rendered":"Excursi\u00f3n\/Visita cultural"},"content":{"rendered":"<p><a href=\"http:\/\/cepajmiribarren.educacion.navarra.es\/web\/wp-content\/uploads\/2019\/01\/Excursi\u00f3n_LaRioja.jpg\"><img loading=\"lazy\" class=\"aligncenter size-full wp-image-1633\" src=\"http:\/\/cepajmiribarren.educacion.navarra.es\/web\/wp-content\/uploads\/2019\/01\/Excursi\u00f3n_LaRioja.jpg\" alt=\"\" width=\"683\" height=\"923\" srcset=\"https:\/\/cepajmiribarren.educacion.navarra.es\/web\/wp-content\/uploads\/2019\/01\/Excursi\u00f3n_LaRioja.jpg 683w, https:\/\/cepajmiribarren.educacion.navarra.es\/web\/wp-content\/uploads\/2019\/01\/Excursi\u00f3n_LaRioja-222x300.jpg 222w, https:\/\/cepajmiribarren.educacion.navarra.es\/web\/wp-content\/uploads\/2019\/01\/Excursi\u00f3n_LaRioja-111x150.jpg 111w\" sizes=\"(max-width: 683px) 100vw, 683px\" \/><\/a>Saludos a tod@s. Para finalizar el primer cuatrimestre hemos organizado una excursi\u00f3n\/visita cultural a La Rioja el pr\u00f3ximo 30 de enero. En ella haremos una peque\u00f1a visita al Monasterio de San Mill\u00e1n de la Cogolla (cuna de la lengua castellana escrita), para desplazarnos posteriormente a Briones a visitar el Museo del Vino Vivanco, uno de los museos referentes mundiales en este sector. Nos quedaremos a comer en un restaurante de esta misma localidad de Briones y, a la tarde, nos encaminaremos a Logro\u00f1o, donde realizaremos una visita por las zonas m\u00e1s tur\u00edsticas de la capital riojana. Una vez terminada, regresaremos a Pamplona.<\/p>\n<p>Recordad que este a\u00f1o las condiciones para apuntarse a esta actividad han cambiado. As\u00ed que leed las normas que acompa\u00f1an al cartel de la excursi\u00f3n y animaos a acudir.<\/p>\n","protected":false},"excerpt":{"rendered":"<p>Saludos a tod@s. Para finalizar el primer cuatrimestre hemos organizado una excursi\u00f3n\/visita cultural a La Rioja el pr\u00f3ximo 30 de enero. En ella haremos una peque\u00f1a visita al Monasterio de San Mill\u00e1n de la Cogolla (cuna de la lengua castellana escrita), para desplazarnos posteriormente a Briones a visitar el Museo\u2026<\/p>\n<p class=\"continue-reading-button\"> <a class=\"continue-reading-link\" href=\"https:\/\/cepajmiribarren.educacion.navarra.es\/web\/blog\/2019\/01\/11\/excursion-visita-cultural\/\">Leer m\u00e1s..<i class=\"crycon-right-dir\"><\/i><\/a><\/p>\n","protected":false},"author":1,"featured_media":0,"comment_status":"open","ping_status":"open","sticky":false,"template":"","format":"standard","meta":[],"categories":[1],"tags":[],"_links":{"self":[{"href":"https:\/\/cepajmiribarren.educacion.navarra.es\/web\/wp-json\/wp\/v2\/posts\/1631"}],"collection":[{"href":"https:\/\/cepajmiribarren.educacion.navarra.es\/web\/wp-json\/wp\/v2\/posts"}],"about":[{"href":"https:\/\/cepajmiribarren.educacion.navarra.es\/web\/wp-json\/wp\/v2\/types\/post"}],"author":[{"embeddable":true,"href":"https:\/\/cepajmiribarren.educacion.navarra.es\/web\/wp-json\/wp\/v2\/users\/1"}],"replies":[{"embeddable":true,"href":"https:\/\/cepajmiribarren.educacion.navarra.es\/web\/wp-json\/wp\/v2\/comments?post=1631"}],"version-history":[{"count":1,"href":"https:\/\/cepajmiribarren.educacion.navarra.es\/web\/wp-json\/wp\/v2\/posts\/1631\/revisions"}],"predecessor-version":[{"id":1634,"href":"https:\/\/cepajmiribarren.educacion.navarra.es\/web\/wp-json\/wp\/v2\/posts\/1631\/revisions\/1634"}],"wp:attachment":[{"href":"https:\/\/cepajmiribarren.educacion.navarra.es\/web\/wp-json\/wp\/v2\/media?parent=1631"}],"wp:term":[{"taxonomy":"category","embeddable":true,"href":"https:\/\/cepajmiribarren.educacion.navarra.es\/web\/wp-json\/wp\/v2\/categories?post=1631"},{"taxonomy":"post_tag","embeddable":true,"href":"https:\/\/cepajmiribarren.educacion.navarra.es\/web\/wp-json\/wp\/v2\/tags?post=1631"}],"curies":[{"name":"wp","href":"https:\/\/api.w.org\/{rel}","templated":true}]}}