{"id":1583,"date":"2018-05-24T10:02:43","date_gmt":"2018-05-24T08:02:43","guid":{"rendered":"http:\/\/cepajmiribarren.educacion.navarra.es\/web\/?p=1583"},"modified":"2018-05-24T10:02:43","modified_gmt":"2018-05-24T08:02:43","slug":"encuentro-con-escritor","status":"publish","type":"post","link":"https:\/\/cepajmiribarren.educacion.navarra.es\/web\/blog\/2018\/05\/24\/encuentro-con-escritor\/","title":{"rendered":"Encuentro con escritor"},"content":{"rendered":"<p><a href=\"http:\/\/cepajmiribarren.educacion.navarra.es\/web\/wp-content\/uploads\/2018\/05\/escritor.jpg\"><img loading=\"lazy\" class=\"aligncenter size-full wp-image-1584\" src=\"http:\/\/cepajmiribarren.educacion.navarra.es\/web\/wp-content\/uploads\/2018\/05\/escritor.jpg\" alt=\"\" width=\"981\" height=\"655\" srcset=\"https:\/\/cepajmiribarren.educacion.navarra.es\/web\/wp-content\/uploads\/2018\/05\/escritor.jpg 981w, https:\/\/cepajmiribarren.educacion.navarra.es\/web\/wp-content\/uploads\/2018\/05\/escritor-300x200.jpg 300w, https:\/\/cepajmiribarren.educacion.navarra.es\/web\/wp-content\/uploads\/2018\/05\/escritor-768x513.jpg 768w, https:\/\/cepajmiribarren.educacion.navarra.es\/web\/wp-content\/uploads\/2018\/05\/escritor-150x100.jpg 150w\" sizes=\"(max-width: 981px) 100vw, 981px\" \/><\/a>Saludos a tod@s. Esta tarde tendremos la ocasi\u00f3n de escuchar a Alfredo G\u00f3mez Cerd\u00e1, famoso escritor de literatura infantil y juvenil, quien pasar\u00e1 por nuestro Centro a las 17:00 horas. Es un prestigioso escritor madrile\u00f1o que ha obtenido numerosos premios tanto a nivel nacional como internacional, destacando sobre todo en sus obras dirigidas al p\u00fablico infantil y juvenil, pero sin descuidar otras facetas como el teatro. Animaos a acudir y a hacerle cualquier pregunta relacionada con su profesi\u00f3n.<\/p>\n","protected":false},"excerpt":{"rendered":"<p>Saludos a tod@s. Esta tarde tendremos la ocasi\u00f3n de escuchar a Alfredo G\u00f3mez Cerd\u00e1, famoso escritor de literatura infantil y juvenil, quien pasar\u00e1 por nuestro Centro a las 17:00 horas. Es un prestigioso escritor madrile\u00f1o que ha obtenido numerosos premios tanto a nivel nacional como internacional, destacando sobre todo en\u2026<\/p>\n<p class=\"continue-reading-button\"> <a class=\"continue-reading-link\" href=\"https:\/\/cepajmiribarren.educacion.navarra.es\/web\/blog\/2018\/05\/24\/encuentro-con-escritor\/\">Leer m\u00e1s..<i class=\"crycon-right-dir\"><\/i><\/a><\/p>\n","protected":false},"author":1,"featured_media":0,"comment_status":"open","ping_status":"open","sticky":false,"template":"","format":"standard","meta":[],"categories":[1],"tags":[],"_links":{"self":[{"href":"https:\/\/cepajmiribarren.educacion.navarra.es\/web\/wp-json\/wp\/v2\/posts\/1583"}],"collection":[{"href":"https:\/\/cepajmiribarren.educacion.navarra.es\/web\/wp-json\/wp\/v2\/posts"}],"about":[{"href":"https:\/\/cepajmiribarren.educacion.navarra.es\/web\/wp-json\/wp\/v2\/types\/post"}],"author":[{"embeddable":true,"href":"https:\/\/cepajmiribarren.educacion.navarra.es\/web\/wp-json\/wp\/v2\/users\/1"}],"replies":[{"embeddable":true,"href":"https:\/\/cepajmiribarren.educacion.navarra.es\/web\/wp-json\/wp\/v2\/comments?post=1583"}],"version-history":[{"count":2,"href":"https:\/\/cepajmiribarren.educacion.navarra.es\/web\/wp-json\/wp\/v2\/posts\/1583\/revisions"}],"predecessor-version":[{"id":1586,"href":"https:\/\/cepajmiribarren.educacion.navarra.es\/web\/wp-json\/wp\/v2\/posts\/1583\/revisions\/1586"}],"wp:attachment":[{"href":"https:\/\/cepajmiribarren.educacion.navarra.es\/web\/wp-json\/wp\/v2\/media?parent=1583"}],"wp:term":[{"taxonomy":"category","embeddable":true,"href":"https:\/\/cepajmiribarren.educacion.navarra.es\/web\/wp-json\/wp\/v2\/categories?post=1583"},{"taxonomy":"post_tag","embeddable":true,"href":"https:\/\/cepajmiribarren.educacion.navarra.es\/web\/wp-json\/wp\/v2\/tags?post=1583"}],"curies":[{"name":"wp","href":"https:\/\/api.w.org\/{rel}","templated":true}]}}